{"id":2203,"date":"2021-06-10T09:24:00","date_gmt":"2021-06-10T07:24:00","guid":{"rendered":"https:\/\/w2.prundubargaului.ro\/?p=2203"},"modified":"2021-06-15T09:28:06","modified_gmt":"2021-06-15T07:28:06","slug":"10-iunie-ziua-eroilor","status":"publish","type":"post","link":"https:\/\/w2.prundubargaului.ro\/index.php\/10-iunie-ziua-eroilor\/","title":{"rendered":"10 iunie &#8211; ziua eroilor"},"content":{"rendered":"\n<p>Ast\u0103zi, 10 Iunie, la Prundu B\u00e2rg\u0103ului, a fost adus un pios omagiu tuturor celor care \u0219i-au pierdut via\u021ba pe c\u00e2mpurile de lupt\u0103 sub stindardul rom\u00e2nesc! <\/p>\n\n\n\n<p>Tuturor celor care trebuie s\u0103 le fim recunosc\u0103tori pentru jertfa pe care \u0219i-au asumat-o, pentru ca \u00een aceasta zi, s\u0103 fim liberi \u0219i s\u0103 purt\u0103m cu m\u00e2ndrie flamura tricolorului \u0219i numele de rom\u00e2ni!<\/p>\n\n\n\n<p>Glorie etern\u0103 eroilor neamului!<\/p>\n\n\n\n<figure class=\"wp-block-image size-large\"><img loading=\"lazy\" decoding=\"async\" width=\"540\" height=\"960\" src=\"https:\/\/w2.prundubargaului.ro\/wp-content\/uploads\/2021\/06\/10-iunie-2021-Ziua-Eroilor-4.jpg\" alt=\"\" class=\"wp-image-2206\" srcset=\"https:\/\/w2.prundubargaului.ro\/wp-content\/uploads\/2021\/06\/10-iunie-2021-Ziua-Eroilor-4.jpg 540w, https:\/\/w2.prundubargaului.ro\/wp-content\/uploads\/2021\/06\/10-iunie-2021-Ziua-Eroilor-4-169x300.jpg 169w\" sizes=\"(max-width: 540px) 100vw, 540px\" \/><\/figure>\n\n\n\n<p><\/p>\n","protected":false},"excerpt":{"rendered":"<p>Ast\u0103zi, 10 Iunie, la Prundu B\u00e2rg\u0103ului, a fost adus un pios omagiu tuturor celor care \u0219i-au pierdut via\u021ba pe c\u00e2mpurile de lupt\u0103 sub stindardul rom\u00e2nesc! Tuturor celor care trebuie s\u0103 le fim recunosc\u0103tori pentru jertfa pe care \u0219i-au asumat-o, pentru ca \u00een aceasta zi, s\u0103 fim liberi \u0219i s\u0103 purt\u0103m cu m\u00e2ndrie flamura tricolorului \u0219i [&hellip;]<\/p>\n","protected":false},"author":2,"featured_media":2209,"comment_status":"closed","ping_status":"closed","sticky":false,"template":"","format":"standard","meta":{"_et_pb_use_builder":"off","_et_pb_old_content":"","_et_gb_content_width":"","footnotes":""},"categories":[9],"tags":[],"class_list":["post-2203","post","type-post","status-publish","format-standard","has-post-thumbnail","hentry","category-comunicate-presa","et-has-post-format-content","et_post_format-et-post-format-standard"],"_links":{"self":[{"href":"https:\/\/w2.prundubargaului.ro\/index.php\/wp-json\/wp\/v2\/posts\/2203","targetHints":{"allow":["GET"]}}],"collection":[{"href":"https:\/\/w2.prundubargaului.ro\/index.php\/wp-json\/wp\/v2\/posts"}],"about":[{"href":"https:\/\/w2.prundubargaului.ro\/index.php\/wp-json\/wp\/v2\/types\/post"}],"author":[{"embeddable":true,"href":"https:\/\/w2.prundubargaului.ro\/index.php\/wp-json\/wp\/v2\/users\/2"}],"replies":[{"embeddable":true,"href":"https:\/\/w2.prundubargaului.ro\/index.php\/wp-json\/wp\/v2\/comments?post=2203"}],"version-history":[{"count":0,"href":"https:\/\/w2.prundubargaului.ro\/index.php\/wp-json\/wp\/v2\/posts\/2203\/revisions"}],"wp:featuredmedia":[{"embeddable":true,"href":"https:\/\/w2.prundubargaului.ro\/index.php\/wp-json\/wp\/v2\/media\/2209"}],"wp:attachment":[{"href":"https:\/\/w2.prundubargaului.ro\/index.php\/wp-json\/wp\/v2\/media?parent=2203"}],"wp:term":[{"taxonomy":"category","embeddable":true,"href":"https:\/\/w2.prundubargaului.ro\/index.php\/wp-json\/wp\/v2\/categories?post=2203"},{"taxonomy":"post_tag","embeddable":true,"href":"https:\/\/w2.prundubargaului.ro\/index.php\/wp-json\/wp\/v2\/tags?post=2203"}],"curies":[{"name":"wp","href":"https:\/\/api.w.org\/{rel}","templated":true}]}}