{"id":416,"date":"2019-07-09T13:16:02","date_gmt":"2019-07-09T11:16:02","guid":{"rendered":"https:\/\/www.lazaroi.ro\/pb\/?p=416"},"modified":"2020-05-06T18:17:43","modified_gmt":"2020-05-06T16:17:43","slug":"proiectul-pentru-amenajarea-raului-secu-a-fost-semnat","status":"publish","type":"post","link":"https:\/\/w2.prundubargaului.ro\/index.php\/proiectul-pentru-amenajarea-raului-secu-a-fost-semnat\/","title":{"rendered":"Proiectul pentru amenajarea r\u00e2ului Secu a fost semnat!"},"content":{"rendered":"\n<p>Primarul comunei Prundu B\u00e2rg\u0103ului, Doru Cri\u0219an, a semnat proiectul de finan\u021bare pentru amenajarea r\u00e2ului Secu, \u00een zona din amonte de DN 17, proiect care va pune \u00een siguran\u021b\u0103 malurile \u0219i va transforma zona central\u0103 a localit\u0103\u021bii \u00eentr-o zon\u0103 de promenad\u0103, cu spa\u021bii verzi, cu falez\u0103 \u0219i locuri de relaxare&#8230;<\/p>\n\n\n\n<p>\u201cLucr\u0103rile vor viza regularizarea albiei r\u00e2ului Secu pentru asigurarea unei sec\u021biuni de scurgere corespunz\u0103toare. De asemenea, se vor amenaja ziduri de sprijin pentru protejarea malul drept al r\u00e2ului dar \u0219i o falez\u0103 pe malul st\u00e2ng \u0219i trepte de acces. Va fi o zon\u0103 pietonal\u0103, cu acces la falez\u0103. Vom amenaja \u0219i locuri de parcare \u0219i spa\u021bii verzi\u201d spune primarul comunei Prundu B\u00e2rg\u0103ului, Doru Cri\u0219an.<\/p>\n\n\n\n<p>Proiectul, \u00een valoare de 550.887 lei (f\u0103r\u0103 TVA), este finan\u021bat prin Programul Na\u021bional de Dezvoltare Rural\u0103 \u0219i vizeaz\u0103 cur\u0103\u021barea \u0219i amenajarea albiei r\u00e2ului care momentan este \u00eentr-o stare necorespunz\u0103toare.<\/p>\n\n\n\n<p>Albia fi modernizat\u0103 pe o suprafa\u021b\u0103 de 968 metri p\u0103tra\u021bi, vor fi amenajate ziduri de sprijin pe o suprafa\u021b\u0103 de 192 de metri, faleza va avea 130 de metri. Totodat\u0103, vor avea loc \u0219i lucr\u0103ri de amenajare a unor alei \u0219i a unor spa\u021bii verzi dar \u0219i de amenajare a 27 de locuri de parcare.<\/p>\n\n\n\n<p>Zona va fi dotat\u0103 cu b\u0103nci de odihn\u0103, st\u00e2lpi de iluminat \u0219i supor\u021bi pentru biciclete.<\/p>\n","protected":false},"excerpt":{"rendered":"<p>Primarul comunei Prundu B\u00e2rg\u0103ului, Doru Cri\u0219an, a semnat proiectul de finan\u021bare pentru amenajarea r\u00e2ului Secu, \u00een zona din amonte de DN 17, proiect care va pune \u00een siguran\u021b\u0103 malurile \u0219i va transforma zona central\u0103 a localit\u0103\u021bii \u00eentr-o zon\u0103 de promenad\u0103, cu spa\u021bii verzi, cu falez\u0103 \u0219i locuri de relaxare&#8230; \u201cLucr\u0103rile vor viza regularizarea albiei r\u00e2ului [&hellip;]<\/p>\n","protected":false},"author":2,"featured_media":417,"comment_status":"open","ping_status":"open","sticky":false,"template":"","format":"standard","meta":{"_et_pb_use_builder":"off","_et_pb_old_content":"","_et_gb_content_width":"","footnotes":""},"categories":[9,29],"tags":[],"class_list":["post-416","post","type-post","status-publish","format-standard","has-post-thumbnail","hentry","category-comunicate-presa","category-investitii","et-has-post-format-content","et_post_format-et-post-format-standard"],"_links":{"self":[{"href":"https:\/\/w2.prundubargaului.ro\/index.php\/wp-json\/wp\/v2\/posts\/416","targetHints":{"allow":["GET"]}}],"collection":[{"href":"https:\/\/w2.prundubargaului.ro\/index.php\/wp-json\/wp\/v2\/posts"}],"about":[{"href":"https:\/\/w2.prundubargaului.ro\/index.php\/wp-json\/wp\/v2\/types\/post"}],"author":[{"embeddable":true,"href":"https:\/\/w2.prundubargaului.ro\/index.php\/wp-json\/wp\/v2\/users\/2"}],"replies":[{"embeddable":true,"href":"https:\/\/w2.prundubargaului.ro\/index.php\/wp-json\/wp\/v2\/comments?post=416"}],"version-history":[{"count":0,"href":"https:\/\/w2.prundubargaului.ro\/index.php\/wp-json\/wp\/v2\/posts\/416\/revisions"}],"wp:featuredmedia":[{"embeddable":true,"href":"https:\/\/w2.prundubargaului.ro\/index.php\/wp-json\/wp\/v2\/media\/417"}],"wp:attachment":[{"href":"https:\/\/w2.prundubargaului.ro\/index.php\/wp-json\/wp\/v2\/media?parent=416"}],"wp:term":[{"taxonomy":"category","embeddable":true,"href":"https:\/\/w2.prundubargaului.ro\/index.php\/wp-json\/wp\/v2\/categories?post=416"},{"taxonomy":"post_tag","embeddable":true,"href":"https:\/\/w2.prundubargaului.ro\/index.php\/wp-json\/wp\/v2\/tags?post=416"}],"curies":[{"name":"wp","href":"https:\/\/api.w.org\/{rel}","templated":true}]}}