{"id":425,"date":"2019-04-18T13:25:54","date_gmt":"2019-04-18T11:25:54","guid":{"rendered":"https:\/\/www.lazaroi.ro\/pb\/?p=425"},"modified":"2020-05-06T18:27:36","modified_gmt":"2020-05-06T16:27:36","slug":"incepe-asfaltarea-strazilor-secundare-din-prundu-bargaului","status":"publish","type":"post","link":"https:\/\/w2.prundubargaului.ro\/index.php\/incepe-asfaltarea-strazilor-secundare-din-prundu-bargaului\/","title":{"rendered":"\u00cencepe asfaltarea str\u0103zilor secundare din Prundu B\u00e2rg\u0103ului!"},"content":{"rendered":"\n<p>Primarul comunei Prundu B\u00e2rg\u0103ului, Doru Cri\u0219an, a dat ordinul de \u00eencepere al lucr\u0103rilor de modernizare a 15 str\u0103zi secundare din comun\u0103 (pe 16 tonsoane), \u00eensum\u00e2nd 6961 de metri.<\/p>\n\n\n\n<p>\u201eAm reu\u0219it s\u0103 ob\u021binem o finan\u021bare de 3,56 milioane de lei prin Programul Na\u021bional de Dezvoltare Local\u0103, bani cu care vom asfalta anul acesta \u00eenc\u0103 15 str\u0103zi secundare din comun\u0103. A fost emis\u0103 autoriza\u021bia de construire \u0219i am dat ordinul de \u00eencepere al lucr\u0103rilor. Va fi o perioad\u0103 \u00een care se va lucra intens, sigur c\u0103 se va crea un disconfort \u00een comun\u0103 &#8211; pentru care ne cerem scuze, dar rezultatul cu siguran\u021b\u0103 va mul\u021bumi pe toat\u0103 lumea. Ne dorim ca lucr\u0103rile s\u0103 fie realizate c\u00e2t mai repede \u0219i cred c\u0103 \u0219i implicarea cet\u0103\u021benilor este foarte importan\u0103 pentru a reu\u0219i s\u0103 ducem la bun sf\u00e2r\u0219it aceste lucr\u0103ri. Ca de obicei, suntem deschi\u0219i la sesiz\u0103rile pe care le ave\u021bi legate de derularea acestui proiect \u0219i v\u0103 mul\u021bumim pentru \u00een\u021belegere \u0219i sprijinul pe care \u00eel acorda\u021bi\u201d spune primarul Doru Cri\u0219an.<\/p>\n\n\n\n<p>Proiectul \u201cModernizare str\u0103zi secundare \u00een comuna Prundu B\u00e2rg\u0103ului, jude\u021bul Bistri\u021ba-N\u0103s\u0103ud\u201d prevede modernizarea unei suprafe\u021be carosabile de 27.513 mp, care include amenajarea de intersec\u021bii, supral\u0103rgiri \u00een curbe \u0219i spa\u021bii de \u00eencruci\u0219are. Pentru scurgerea apelor s-au proiectat rigole \u00een lungime de peste 3.500 de metri iar pentru sporirea siguran\u021bei circula\u021biei vor fi realizate peste 800 de metri de ziduri de sprijin \u0219i parape\u021bi de siguran\u021b\u0103, iar pentru accesul cet\u0103\u021benilor la propriet\u0103\u021bi vor fi montate 31 de pode\u021be.<\/p>\n\n\n\n<p>Conform proiectului, vor fi modernizate urm\u0103toarele drumuri:<br>\u25aa\ufe0fDrum 1 (Ulita de la Besa Teofil la Besa Costan)<br>\u25aa\ufe0fDrum 2 (Ulita de la Hangan Toader la Hasnas George)<br>\u25aa\ufe0fDrum 3 (Ulita Tacanilor de la pod Secu la Doline)<br>\u25aa\ufe0fDrum 4 (de la 768 Cristian Florinel la 772 Ruscau George)<br>\u25aa\ufe0fDrum 5 (fostul Parau de la nr. 1258 la nr. 1270, nu este in domeniu)<br>\u25aa\ufe0fDrum 6 (Ulita de la DN 17 la Cupsa Dumitru)<br>\u25aa\ufe0fDrum 7 (Ulita meseriasilor de la DN 17 la groapa de gunoi)<br>\u25aa\ufe0fDrum 9 (Ulita de la Moldovan Casian la Stelic)<br>\u25aa\ufe0fDrum 10 (de la nr. 186 la nr. 188, nu are pozitie,)<br>\u25aa\ufe0fDrum 11 (Ulita de la Givan Ionel la Pirtac Calin)<br>\u25aa\ufe0fDrum 12 (Ulita Sarata de la DN 17, Pui Lina)<br>\u25aa\ufe0fDrum 13 (Ulita de la Monda George la Anmdrecut Ioan)<br>\u25aa\ufe0fDrum 14 (DJ 173 A pana la pod Valea Ciorii; Ulita de la Monda Aurel la Greab Nicolae)<br>\u25aa\ufe0fDrum 15 T1 (Ulita de la Vlad Emil la Bruj Ioan, Ulita de la Donea Toma la Balan, Drum in camp)<br>\u25aa\ufe0fDrum 15 T2 (Ulita de la Vlad Emil la Bruj Ioan, Ulita de la Donea Toma la Balan, Drum in camp)<\/p>\n","protected":false},"excerpt":{"rendered":"<p>Primarul comunei Prundu B\u00e2rg\u0103ului, Doru Cri\u0219an, a dat ordinul de \u00eencepere al lucr\u0103rilor de modernizare a 15 str\u0103zi secundare din comun\u0103 (pe 16 tonsoane), \u00eensum\u00e2nd 6961 de metri. \u201eAm reu\u0219it s\u0103 ob\u021binem o finan\u021bare de 3,56 milioane de lei prin Programul Na\u021bional de Dezvoltare Local\u0103, bani cu care vom asfalta anul acesta \u00eenc\u0103 15 str\u0103zi [&hellip;]<\/p>\n","protected":false},"author":2,"featured_media":140,"comment_status":"open","ping_status":"open","sticky":false,"template":"","format":"standard","meta":{"_et_pb_use_builder":"off","_et_pb_old_content":"","_et_gb_content_width":"","footnotes":""},"categories":[9,29],"tags":[],"class_list":["post-425","post","type-post","status-publish","format-standard","has-post-thumbnail","hentry","category-comunicate-presa","category-investitii","et-has-post-format-content","et_post_format-et-post-format-standard"],"_links":{"self":[{"href":"https:\/\/w2.prundubargaului.ro\/index.php\/wp-json\/wp\/v2\/posts\/425","targetHints":{"allow":["GET"]}}],"collection":[{"href":"https:\/\/w2.prundubargaului.ro\/index.php\/wp-json\/wp\/v2\/posts"}],"about":[{"href":"https:\/\/w2.prundubargaului.ro\/index.php\/wp-json\/wp\/v2\/types\/post"}],"author":[{"embeddable":true,"href":"https:\/\/w2.prundubargaului.ro\/index.php\/wp-json\/wp\/v2\/users\/2"}],"replies":[{"embeddable":true,"href":"https:\/\/w2.prundubargaului.ro\/index.php\/wp-json\/wp\/v2\/comments?post=425"}],"version-history":[{"count":0,"href":"https:\/\/w2.prundubargaului.ro\/index.php\/wp-json\/wp\/v2\/posts\/425\/revisions"}],"wp:featuredmedia":[{"embeddable":true,"href":"https:\/\/w2.prundubargaului.ro\/index.php\/wp-json\/wp\/v2\/media\/140"}],"wp:attachment":[{"href":"https:\/\/w2.prundubargaului.ro\/index.php\/wp-json\/wp\/v2\/media?parent=425"}],"wp:term":[{"taxonomy":"category","embeddable":true,"href":"https:\/\/w2.prundubargaului.ro\/index.php\/wp-json\/wp\/v2\/categories?post=425"},{"taxonomy":"post_tag","embeddable":true,"href":"https:\/\/w2.prundubargaului.ro\/index.php\/wp-json\/wp\/v2\/tags?post=425"}],"curies":[{"name":"wp","href":"https:\/\/api.w.org\/{rel}","templated":true}]}}