{"id":49,"date":"2018-05-17T09:58:00","date_gmt":"2018-05-17T09:58:00","guid":{"rendered":"https:\/\/www.lazaroi.ro\/pb\/?p=49"},"modified":"2020-07-26T14:43:39","modified_gmt":"2020-07-26T12:43:39","slug":"comunicat-de-presa-centenarul-marii-uniri-pe-valea-birgaului","status":"publish","type":"post","link":"https:\/\/w2.prundubargaului.ro\/index.php\/comunicat-de-presa-centenarul-marii-uniri-pe-valea-birgaului\/","title":{"rendered":"Centenarul Marii Uniri pe Valea B\u00eerg\u0103ului"},"content":{"rendered":"\n<p>Prundu B\u00eerg\u0103ului (17.05.2018)<\/p>\n\n\n\n<p>Prim\u0103ria Prundu B\u00eerg\u0103ului d\u0103 startul evenimentelor dedicate Centenarului, pentru a marca cei 100 de ani de la Marea Unire.&nbsp;<br>Primul eveniment, \u201cCentenarul Marii Uniri pe Valea B\u00eerg\u0103ului\u201d organizat de Prim\u0103ria comunei Prundu B\u00eerg\u0103ului, Ministerul Ap\u0103r\u0103rii Na\u021bionale, Divizia 4 Infanterie Gemina, Consiliul Jude\u021bean Bistri\u021ba-N\u0103s\u0103ud, Baza 71 Aerian\u0103 C\u00e2mpia Turzii \u00een colaborare cu prim\u0103riile Tiha B\u00eerg\u0103ului, Bistri\u021ba B\u00eerg\u0103ului \u0219i Josenii B\u00eerg\u0103ului, va avea loc pe 28 mai, \u00een centrul comunei Prundu B\u00eerg\u0103ului, l\u00e2ng\u0103 Monumentul Eroilor.<\/p>\n\n\n\n<p>Evenimentul debuteaz\u0103 cu o parad\u0103 militar\u0103, urmat\u0103 de un show aviatic, demostra\u0163ii de lupt\u0103, expozi\u0163ie de tehnic\u0103 militar\u0103 \u0219i continu\u0103 cu un concert de fanfar\u0103 \u015fi spectacol de muzic\u0103 popular\u0103.<\/p>\n\n\n\n<p>Manifest\u0103rile \u00eencep la orele 12.00, cu o parad\u0103 militar\u0103 la care particip\u0103 cu personal \u015fi tehnic\u0103, unit\u0103\u0163ile Diviziei 4 Infanterie Gemina, ale Bazei 71 Aeriene C\u00e2mpia Turzii, ale Inspectoratul pentru Situa\u0163ii de Urgen\u0163\u0103 Bistri\u0163a-N\u0103s\u0103ud \u0219i ale Inspectoratul Jude\u0163ean de Jandarmi Bistri\u0163a-N\u0103s\u0103ud.<\/p>\n\n\n\n<p>Dac\u0103 vremea va permite, zona va fi survolat\u0103 de MIG-urile \u015fi de elicopterele militare ale Bazei 71 Aeriene C\u00e2mpia Turzii, care vor oferi publicului un eveniment de excep\u0163ie, cu cobor\u00e2ri \u00een rapel ale militarilor.<\/p>\n\n\n\n<p>\u00cen incinta stadionului FC Heniu, din centrul comunei Prundu B\u00eerg\u0103ului, va fi amenajat\u0103 o expozi\u0163ie cu tehnic\u0103 militar\u0103 \u015fi tot aici, va avea loc un concert de fanfar\u0103 sus\u0163inut de Muzica Militar\u0103 a Garnizoanei Cluj &#8211; Napoca \u015fi de Muzica Militar\u0103 a Garnizoanei Bistri\u0163a.<\/p>\n\n\n\n<p>Programul include \u015fi demonstra\u0163ii de lupt\u0103 ale poli\u0163i\u015ftilor din cadrul Serviciul pentru Interven\u0163ii \u015fi Ac\u0163iuni Speciale a Inspectoratului Jude\u0163ean de Poli\u0163ie Bistri\u0163a-N\u0103s\u0103ud.<\/p>\n\n\n\n<p>Spectacolul de muzic\u0103 popular\u0103, care va avea loc dup\u0103 \u00eencheierea paradei militare \u0219i a demonstra\u021biilor,&nbsp;<br>este sus\u021binut de Ansamblul Profesionist Dor Rom\u00e2nesc,&nbsp;<br>conducerea muzical\u0103: Anghel Urs,&nbsp;<br>coregrafia: Adrian Pa\u0219cu.<\/p>\n\n\n\n<p>Soli\u0219tii invita\u021bi \u00een recital sunt:&nbsp;<br>Ioan Dordoi, Felix G\u0103lan, Radu Ciorda\u0219, Ovidiu Purdea-Some\u0219, Lucia Potra \u0219i interpretul de muzic\u0103 u\u0219oar\u0103, Vasile Barbo\u0219.<\/p>\n\n\n\n<p>Prezentatorul evenimentului este Sergiu Vitalian Vaida.<\/p>\n\n\n\n<p>Primar,<br>Cri\u0219an Doru Toader<\/p>\n","protected":false},"excerpt":{"rendered":"<p>Prundu B\u00eerg\u0103ului (17.05.2018) Prim\u0103ria Prundu B\u00eerg\u0103ului d\u0103 startul evenimentelor dedicate Centenarului, pentru a marca cei 100 de ani de la Marea Unire.&nbsp;Primul eveniment, \u201cCentenarul Marii Uniri pe Valea B\u00eerg\u0103ului\u201d organizat de Prim\u0103ria comunei Prundu B\u00eerg\u0103ului, Ministerul Ap\u0103r\u0103rii Na\u021bionale, Divizia 4 Infanterie Gemina, Consiliul Jude\u021bean Bistri\u021ba-N\u0103s\u0103ud, Baza 71 Aerian\u0103 C\u00e2mpia Turzii \u00een colaborare cu prim\u0103riile Tiha [&hellip;]<\/p>\n","protected":false},"author":2,"featured_media":198,"comment_status":"open","ping_status":"open","sticky":false,"template":"","format":"standard","meta":{"_et_pb_use_builder":"off","_et_pb_old_content":"","_et_gb_content_width":"","footnotes":""},"categories":[9],"tags":[],"class_list":["post-49","post","type-post","status-publish","format-standard","has-post-thumbnail","hentry","category-comunicate-presa","et-has-post-format-content","et_post_format-et-post-format-standard"],"_links":{"self":[{"href":"https:\/\/w2.prundubargaului.ro\/index.php\/wp-json\/wp\/v2\/posts\/49","targetHints":{"allow":["GET"]}}],"collection":[{"href":"https:\/\/w2.prundubargaului.ro\/index.php\/wp-json\/wp\/v2\/posts"}],"about":[{"href":"https:\/\/w2.prundubargaului.ro\/index.php\/wp-json\/wp\/v2\/types\/post"}],"author":[{"embeddable":true,"href":"https:\/\/w2.prundubargaului.ro\/index.php\/wp-json\/wp\/v2\/users\/2"}],"replies":[{"embeddable":true,"href":"https:\/\/w2.prundubargaului.ro\/index.php\/wp-json\/wp\/v2\/comments?post=49"}],"version-history":[{"count":0,"href":"https:\/\/w2.prundubargaului.ro\/index.php\/wp-json\/wp\/v2\/posts\/49\/revisions"}],"wp:featuredmedia":[{"embeddable":true,"href":"https:\/\/w2.prundubargaului.ro\/index.php\/wp-json\/wp\/v2\/media\/198"}],"wp:attachment":[{"href":"https:\/\/w2.prundubargaului.ro\/index.php\/wp-json\/wp\/v2\/media?parent=49"}],"wp:term":[{"taxonomy":"category","embeddable":true,"href":"https:\/\/w2.prundubargaului.ro\/index.php\/wp-json\/wp\/v2\/categories?post=49"},{"taxonomy":"post_tag","embeddable":true,"href":"https:\/\/w2.prundubargaului.ro\/index.php\/wp-json\/wp\/v2\/tags?post=49"}],"curies":[{"name":"wp","href":"https:\/\/api.w.org\/{rel}","templated":true}]}}