{"id":61,"date":"2018-07-05T10:08:08","date_gmt":"2018-07-05T10:08:08","guid":{"rendered":"https:\/\/www.lazaroi.ro\/pb\/?p=61"},"modified":"2019-03-27T07:47:16","modified_gmt":"2019-03-27T07:47:16","slug":"informare-de-presa-scoala-primara-din-prundu-birgaului-va-fi-reabilitata-energetic","status":"publish","type":"post","link":"https:\/\/w2.prundubargaului.ro\/index.php\/informare-de-presa-scoala-primara-din-prundu-birgaului-va-fi-reabilitata-energetic\/","title":{"rendered":"Informare de pres\u0103: \u0218coala primar\u0103 din Prundu B\u00eerg\u0103ului va fi reabilitat\u0103 energetic"},"content":{"rendered":"\n<p>Prim\u0103ria Prundu B\u00eerg\u0103ului a reu\u0219it s\u0103 acceseze o finan\u021bare de 2,6 milioane de lei pentru realizarea unor lucr\u0103ri de reabilitare \u0219i eficientizare energetic\u0103 a \u0219colii generale cu clasele I-IV din Prundu B\u00eerg\u0103ului.<\/p>\n\n\n\n<p>Cl\u0103direa, \u00een care \u00eenva\u021b\u0103 peste 200 de elevi, va fi modernizat\u0103 \u0219i reabilitat\u0103 energetic, banii pentru realizarea investi\u021biilor urm\u00e2nd s\u0103 fie aloca\u021bi prin Programul Na\u021bional de Dezvoltare Local\u0103 \u0219i din bugetul local.<\/p>\n\n\n\n<p>\u201cEste o investi\u021bie a\u0219teptat\u0103 \u0219i extrem de necesar\u0103 pentru dezvoltarea infrastructurii \u0219colare \u00een comuna Prundu B\u00eerg\u0103ului. Dup\u0103 finalizarea acestor lucr\u0103ri, elevii vor desf\u0103\u0219ura orele de curs \u00een condi\u021bii moderne. Cu aceast\u0103 investi\u021bie, mai facem un pas important \u00een modernizarea \u00eentregii infrastructuri \u0219colare din comun\u0103. Am finalizat o gr\u0103ini\u021b\u0103 modern\u0103, lucr\u0103m la o nou\u0103 cl\u0103dire pentru elevii din ciclul gimnazial, am semnat un contract de finan\u021bare pentru o nou\u0103 gr\u0103dini\u021b\u0103 la Susenii B\u00eerg\u0103ului \u0219i suntem \u00een procedur\u0103 de achizi\u021bie cu acest proiect, de reabilitare energetic\u0103 a \u0219colii cu clasele I-IV. Pentru noi este foarte important ca elevii s\u0103 aib\u0103 condi\u021bii moderne, europene \u00een \u0219coli\u201d spune primarul comunei, Doru Cri\u0219an.<\/p>\n\n\n\n<p>Proiectul \u201cREABILITARE \u0218I EFICIENTIZARE ENERGETIC\u0102 \u0218COALA GENERAL\u0102 CLASELE I &#8211; IV \u00ceN COMUNA PRUNDU B\u00ceRGAULUI, JUDE\u021aUL BISTRI\u021aA-N\u0102S\u0102UD\u201d are o valoare de 2,684.471,70 lei \u0219i presupune reabilitarea termic\u0103 a cl\u0103dirii (P+2E), modernizarea acoperi\u0219ului cu o \u00eenvelitoare nou\u0103, din \u021bigl\u0103 sau tabl\u0103, \u00eenlocuirea t\u00e2mpl\u0103riei din lemn cu una nou\u0103, modern\u0103 \u0219i performant\u0103 energetic.<\/p>\n\n\n\n<p>De asemenea, se vor revizui finisajele pere\u021bilor \u0219i ale tavanelor, se vor \u00eenlocui pardoselile existente cu pardoseli noi \u0219i performante, se vor realiza termoizola\u021biile necesare at\u00e2t la pere\u021bi exteriori c\u00e2t \u0219i la plan\u0219eul de la ultimul nivel, se vor \u00eenlocui toate instala\u021biile cu unele noi \u0219i moderne.<\/p>\n","protected":false},"excerpt":{"rendered":"<p>Prim\u0103ria Prundu B\u00eerg\u0103ului a reu\u0219it s\u0103 acceseze o finan\u021bare de 2,6 milioane de lei pentru realizarea unor lucr\u0103ri de reabilitare \u0219i eficientizare energetic\u0103 a \u0219colii generale cu clasele I-IV din Prundu B\u00eerg\u0103ului. Cl\u0103direa, \u00een care \u00eenva\u021b\u0103 peste 200 de elevi, va fi modernizat\u0103 \u0219i reabilitat\u0103 energetic, banii pentru realizarea investi\u021biilor urm\u00e2nd s\u0103 fie aloca\u021bi prin [&hellip;]<\/p>\n","protected":false},"author":2,"featured_media":185,"comment_status":"open","ping_status":"open","sticky":false,"template":"","format":"standard","meta":{"_et_pb_use_builder":"off","_et_pb_old_content":"","_et_gb_content_width":"","footnotes":""},"categories":[9],"tags":[],"class_list":["post-61","post","type-post","status-publish","format-standard","has-post-thumbnail","hentry","category-comunicate-presa","et-has-post-format-content","et_post_format-et-post-format-standard"],"_links":{"self":[{"href":"https:\/\/w2.prundubargaului.ro\/index.php\/wp-json\/wp\/v2\/posts\/61","targetHints":{"allow":["GET"]}}],"collection":[{"href":"https:\/\/w2.prundubargaului.ro\/index.php\/wp-json\/wp\/v2\/posts"}],"about":[{"href":"https:\/\/w2.prundubargaului.ro\/index.php\/wp-json\/wp\/v2\/types\/post"}],"author":[{"embeddable":true,"href":"https:\/\/w2.prundubargaului.ro\/index.php\/wp-json\/wp\/v2\/users\/2"}],"replies":[{"embeddable":true,"href":"https:\/\/w2.prundubargaului.ro\/index.php\/wp-json\/wp\/v2\/comments?post=61"}],"version-history":[{"count":0,"href":"https:\/\/w2.prundubargaului.ro\/index.php\/wp-json\/wp\/v2\/posts\/61\/revisions"}],"wp:featuredmedia":[{"embeddable":true,"href":"https:\/\/w2.prundubargaului.ro\/index.php\/wp-json\/wp\/v2\/media\/185"}],"wp:attachment":[{"href":"https:\/\/w2.prundubargaului.ro\/index.php\/wp-json\/wp\/v2\/media?parent=61"}],"wp:term":[{"taxonomy":"category","embeddable":true,"href":"https:\/\/w2.prundubargaului.ro\/index.php\/wp-json\/wp\/v2\/categories?post=61"},{"taxonomy":"post_tag","embeddable":true,"href":"https:\/\/w2.prundubargaului.ro\/index.php\/wp-json\/wp\/v2\/tags?post=61"}],"curies":[{"name":"wp","href":"https:\/\/api.w.org\/{rel}","templated":true}]}}