{"id":82,"date":"2018-09-17T10:24:05","date_gmt":"2018-09-17T08:24:05","guid":{"rendered":"https:\/\/www.lazaroi.ro\/pb\/?p=82"},"modified":"2020-06-13T12:50:22","modified_gmt":"2020-06-13T10:50:22","slug":"informare-de-presa-parcul-din-centrul-comunei-prundu-birgaului-a-fost-finalizat","status":"publish","type":"post","link":"https:\/\/w2.prundubargaului.ro\/index.php\/informare-de-presa-parcul-din-centrul-comunei-prundu-birgaului-a-fost-finalizat\/","title":{"rendered":"Informare de pres\u0103: Parcul din centrul comunei Prundu B\u00eerg\u0103ului a fost finalizat!"},"content":{"rendered":"\n<p>Una dintre cele mai a\u0219teptate investi\u021bii de anul acesta a fost finalizat\u0103, zilele acestea urm\u00e2nd s\u0103 fie plantale \u0219i ultimele flori \u00een rondourile amenjate \u00een parcul situat \u00een centrul comunei.<\/p>\n\n\n\n<p>Prim\u0103ria comunei Prundu B\u00eerg\u0103ului a realizat, din fonduri bugetare proprii, un parc situat \u00een centrul comunei, \u00een suprafa\u021b\u0103 de 14.681 mp.<\/p>\n\n\n\n<p>\u201cEste o bucurie pentru mine s\u0103 v\u0103d c\u0103 investi\u021bia pe care am reu\u0219it s\u0103 o finaliz\u0103m este at\u00e2t de apreciat\u0103 de comunitate. Zi de zi este plin de copii, de tineri, de localnici, care vor s\u0103 se plimbe \u0219i s\u0103 se relaxeze \u00een noul parc. Parcul a fost finalizat iar ultimele flori \u0219i arbur\u0219i vor fi planta\u021bi zilele acestea dup\u0103 cum ne-au recomandat speciali\u0219tii. Am constatat c\u0103 vine foarte mult\u0103 lume seara \u00een parc \u0219i pentru anul viitor vorm mai monta b\u0103ncu\u021be suplimentare\u201d spune primarul comunei Prundu B\u00eerg\u0103ului, Doru Cri\u0219an.<\/p>\n\n\n\n<p>Lucr\u0103rile, care au vizat transformarea unui suprafe\u021be de peste 14.600 mp \u00een parc au fost finalizate \u0219i recep\u021bionate. Acestea au constat \u00een amenaj\u0103ri peisagere cu specii aboricole \u0219i floricole, realizarea de alei pietonale \u0219i carosabile, piste pentru bicicli\u0219ti, dou\u0103 f\u00e2nt\u00e2ni arteziene \u0219i locuri de odihn\u0103.<\/p>\n\n\n\n<p>De asemenea, a fost realizat un loc de joac\u0103 pentru copii, un pavilion unde se oficiaz\u0103 nun\u021bi \u00een timpul verii, dar \u0219i o zon\u0103 de fitness, dotat\u0103 cu aparate.<\/p>\n\n\n\n<p>Parcul este iluminat led cu st\u00e2lpi realiza\u021bi din o\u021bel galvanizat.<\/p>\n\n\n\n<ul class=\"wp-block-gallery columns-3 is-cropped wp-block-gallery-1 is-layout-flex wp-block-gallery-is-layout-flex\"><li class=\"blocks-gallery-item\"><figure><img loading=\"lazy\" decoding=\"async\" width=\"1024\" height=\"576\" src=\"https:\/\/www.lazaroi.ro\/pb\/wp-content\/uploads\/2019\/03\/parc6-1024x576.jpg\" alt=\"\" data-id=\"152\" data-link=\"https:\/\/www.lazaroi.ro\/pb\/index.php\/2019\/03\/26\/informare-de-presa-parcul-din-centrul-comunei-prundu-birgaului-a-fost-finalizat\/parc6\/\" class=\"wp-image-152\" srcset=\"https:\/\/w2.prundubargaului.ro\/wp-content\/uploads\/2019\/03\/parc6-1024x576.jpg 1024w, https:\/\/w2.prundubargaului.ro\/wp-content\/uploads\/2019\/03\/parc6-300x169.jpg 300w, https:\/\/w2.prundubargaului.ro\/wp-content\/uploads\/2019\/03\/parc6-768x432.jpg 768w, https:\/\/w2.prundubargaului.ro\/wp-content\/uploads\/2019\/03\/parc6-1080x608.jpg 1080w, https:\/\/w2.prundubargaului.ro\/wp-content\/uploads\/2019\/03\/parc6.jpg 1992w\" sizes=\"(max-width: 1024px) 100vw, 1024px\" \/><\/figure><\/li><li class=\"blocks-gallery-item\"><figure><img loading=\"lazy\" decoding=\"async\" width=\"1024\" height=\"576\" src=\"https:\/\/www.lazaroi.ro\/pb\/wp-content\/uploads\/2019\/03\/parc5-1024x576.jpg\" alt=\"\" data-id=\"151\" data-link=\"https:\/\/www.lazaroi.ro\/pb\/index.php\/2019\/03\/26\/informare-de-presa-parcul-din-centrul-comunei-prundu-birgaului-a-fost-finalizat\/parc5\/\" class=\"wp-image-151\" srcset=\"https:\/\/w2.prundubargaului.ro\/wp-content\/uploads\/2019\/03\/parc5-1024x576.jpg 1024w, https:\/\/w2.prundubargaului.ro\/wp-content\/uploads\/2019\/03\/parc5-300x169.jpg 300w, https:\/\/w2.prundubargaului.ro\/wp-content\/uploads\/2019\/03\/parc5-768x432.jpg 768w, https:\/\/w2.prundubargaului.ro\/wp-content\/uploads\/2019\/03\/parc5-1080x608.jpg 1080w, https:\/\/w2.prundubargaului.ro\/wp-content\/uploads\/2019\/03\/parc5.jpg 1992w\" sizes=\"(max-width: 1024px) 100vw, 1024px\" \/><\/figure><\/li><li class=\"blocks-gallery-item\"><figure><img loading=\"lazy\" decoding=\"async\" width=\"1024\" height=\"576\" src=\"https:\/\/www.lazaroi.ro\/pb\/wp-content\/uploads\/2019\/03\/parc4-1024x576.jpg\" alt=\"\" data-id=\"150\" data-link=\"https:\/\/www.lazaroi.ro\/pb\/index.php\/2019\/03\/26\/informare-de-presa-parcul-din-centrul-comunei-prundu-birgaului-a-fost-finalizat\/parc4\/\" class=\"wp-image-150\" srcset=\"https:\/\/w2.prundubargaului.ro\/wp-content\/uploads\/2019\/03\/parc4-1024x576.jpg 1024w, https:\/\/w2.prundubargaului.ro\/wp-content\/uploads\/2019\/03\/parc4-300x169.jpg 300w, https:\/\/w2.prundubargaului.ro\/wp-content\/uploads\/2019\/03\/parc4-768x432.jpg 768w, https:\/\/w2.prundubargaului.ro\/wp-content\/uploads\/2019\/03\/parc4-1080x608.jpg 1080w, https:\/\/w2.prundubargaului.ro\/wp-content\/uploads\/2019\/03\/parc4.jpg 1992w\" sizes=\"(max-width: 1024px) 100vw, 1024px\" \/><\/figure><\/li><li class=\"blocks-gallery-item\"><figure><img loading=\"lazy\" decoding=\"async\" width=\"1024\" height=\"683\" src=\"https:\/\/www.lazaroi.ro\/pb\/wp-content\/uploads\/2019\/03\/parc2-1024x683.jpg\" alt=\"\" data-id=\"148\" data-link=\"https:\/\/www.lazaroi.ro\/pb\/index.php\/2019\/03\/26\/informare-de-presa-parcul-din-centrul-comunei-prundu-birgaului-a-fost-finalizat\/parc2\/\" class=\"wp-image-148\" srcset=\"https:\/\/w2.prundubargaului.ro\/wp-content\/uploads\/2019\/03\/parc2-1024x683.jpg 1024w, https:\/\/w2.prundubargaului.ro\/wp-content\/uploads\/2019\/03\/parc2-300x200.jpg 300w, https:\/\/w2.prundubargaului.ro\/wp-content\/uploads\/2019\/03\/parc2-768x512.jpg 768w, https:\/\/w2.prundubargaului.ro\/wp-content\/uploads\/2019\/03\/parc2-1080x720.jpg 1080w, https:\/\/w2.prundubargaului.ro\/wp-content\/uploads\/2019\/03\/parc2.jpg 1944w\" sizes=\"(max-width: 1024px) 100vw, 1024px\" \/><\/figure><\/li><li class=\"blocks-gallery-item\"><figure><img loading=\"lazy\" decoding=\"async\" width=\"1024\" height=\"683\" src=\"https:\/\/www.lazaroi.ro\/pb\/wp-content\/uploads\/2019\/03\/parc-1024x683.jpg\" alt=\"\" data-id=\"147\" data-link=\"https:\/\/www.lazaroi.ro\/pb\/index.php\/2019\/03\/26\/informare-de-presa-parcul-din-centrul-comunei-prundu-birgaului-a-fost-finalizat\/parc\/\" class=\"wp-image-147\" srcset=\"https:\/\/w2.prundubargaului.ro\/wp-content\/uploads\/2019\/03\/parc-1024x683.jpg 1024w, https:\/\/w2.prundubargaului.ro\/wp-content\/uploads\/2019\/03\/parc-300x200.jpg 300w, https:\/\/w2.prundubargaului.ro\/wp-content\/uploads\/2019\/03\/parc-768x512.jpg 768w, https:\/\/w2.prundubargaului.ro\/wp-content\/uploads\/2019\/03\/parc-1080x720.jpg 1080w, https:\/\/w2.prundubargaului.ro\/wp-content\/uploads\/2019\/03\/parc.jpg 1944w\" sizes=\"(max-width: 1024px) 100vw, 1024px\" \/><\/figure><\/li><\/ul>\n\n\n\n<p>Proiectul &#8222;\u00cenfiin\u021bare \u0219i amenajare parc \u00een comuna Prundu-B\u00eerg\u0103ului, sat Prundu-B\u00eerg\u0103ului, jud. Bistri\u021ba-N\u0103s\u0103ud\u201d are o valoare estimat\u0103 1.523.868 de lei.<\/p>\n","protected":false},"excerpt":{"rendered":"<p>Una dintre cele mai a\u0219teptate investi\u021bii de anul acesta a fost finalizat\u0103, zilele acestea urm\u00e2nd s\u0103 fie plantale \u0219i ultimele flori \u00een rondourile amenjate \u00een parcul situat \u00een centrul comunei. Prim\u0103ria comunei Prundu B\u00eerg\u0103ului a realizat, din fonduri bugetare proprii, un parc situat \u00een centrul comunei, \u00een suprafa\u021b\u0103 de 14.681 mp. \u201cEste o bucurie pentru [&hellip;]<\/p>\n","protected":false},"author":2,"featured_media":149,"comment_status":"closed","ping_status":"closed","sticky":false,"template":"","format":"standard","meta":{"_et_pb_use_builder":"off","_et_pb_old_content":"","_et_gb_content_width":"","footnotes":""},"categories":[9],"tags":[],"class_list":["post-82","post","type-post","status-publish","format-standard","has-post-thumbnail","hentry","category-comunicate-presa","et-has-post-format-content","et_post_format-et-post-format-standard"],"_links":{"self":[{"href":"https:\/\/w2.prundubargaului.ro\/index.php\/wp-json\/wp\/v2\/posts\/82","targetHints":{"allow":["GET"]}}],"collection":[{"href":"https:\/\/w2.prundubargaului.ro\/index.php\/wp-json\/wp\/v2\/posts"}],"about":[{"href":"https:\/\/w2.prundubargaului.ro\/index.php\/wp-json\/wp\/v2\/types\/post"}],"author":[{"embeddable":true,"href":"https:\/\/w2.prundubargaului.ro\/index.php\/wp-json\/wp\/v2\/users\/2"}],"replies":[{"embeddable":true,"href":"https:\/\/w2.prundubargaului.ro\/index.php\/wp-json\/wp\/v2\/comments?post=82"}],"version-history":[{"count":0,"href":"https:\/\/w2.prundubargaului.ro\/index.php\/wp-json\/wp\/v2\/posts\/82\/revisions"}],"wp:featuredmedia":[{"embeddable":true,"href":"https:\/\/w2.prundubargaului.ro\/index.php\/wp-json\/wp\/v2\/media\/149"}],"wp:attachment":[{"href":"https:\/\/w2.prundubargaului.ro\/index.php\/wp-json\/wp\/v2\/media?parent=82"}],"wp:term":[{"taxonomy":"category","embeddable":true,"href":"https:\/\/w2.prundubargaului.ro\/index.php\/wp-json\/wp\/v2\/categories?post=82"},{"taxonomy":"post_tag","embeddable":true,"href":"https:\/\/w2.prundubargaului.ro\/index.php\/wp-json\/wp\/v2\/tags?post=82"}],"curies":[{"name":"wp","href":"https:\/\/api.w.org\/{rel}","templated":true}]}}